{"id":130,"date":"2022-11-08T12:08:58","date_gmt":"2022-11-08T11:08:58","guid":{"rendered":"http:\/\/fksjubilaeum.amor.fritz-karsen.de\/blog\/?p=130"},"modified":"2022-11-10T11:02:54","modified_gmt":"2022-11-10T10:02:54","slug":"die-projektwoche-der-fks-2022","status":"publish","type":"post","link":"http:\/\/fksjubilaeum.amor.fritz-karsen.de\/blog\/2022\/11\/08\/die-projektwoche-der-fks-2022\/","title":{"rendered":"Die Projektwoche der FKS 2022"},"content":{"rendered":"\n<p>So wie jedes Schuljahr, findet auch in diesem (2022\/23) vom 07.11.2022 bis zum 11.11.2022 eine Projektwoche an der Fritz-Karsen-Schule statt. Schon Wochen vor der Projektwoche durften sich die Sch\u00fcler ganz frei Projektideen ausdenken. Auch die Lehrer durften Ideen mit einbringen. So arbeiteten Lehrer und Sch\u00fcler zusammen und schafften gemeinsam gro\u00dfartige Projektideen. Das \u00dcberthema der Projektwoche hat sich auf kein bestimmtes Themengebiet fokussiert. Die Jahre zuvor wurden ja beispielsweise Themen wie ,,Gesundheit&#8221; vorgegeben, an die sich die Projektvorschl\u00e4ge bzw. Ideen orientieren mussten. Dieses Jahr war alles ein wenig freier gestaltet. Tats\u00e4chlich wurden den Sch\u00fclern nur 2 Buchstaben vorgegeben, an dich sich die Projekte der Sch\u00fcler einigerma\u00dfen orientieren mussten. Und zwar waren dies folgende 2 Buchstaben: ,,RE:&#8221;. Als Hilfestellung bei der Suche nach Projektideen wurden folgende 2 Fragen vorgegeben, die man sich stellen sollte: <\/p>\n\n\n\n<ol class=\"wp-block-list\">\n<li>Was wollt ihr (die Sch\u00fcler der FKS) ver\u00e4ndern, gestalten, umdenken?<\/li>\n\n\n\n<li>Was braucht ihr daf\u00fcr?<\/li>\n<\/ol>\n\n\n\n<figure class=\"wp-block-image size-large\"><img loading=\"lazy\" decoding=\"async\" width=\"1024\" height=\"753\" src=\"http:\/\/fksjubilaeum.amor.fritz-karsen.de\/blog\/wp-content\/uploads\/2022\/11\/image-3-1024x753.png\" alt=\"\" class=\"wp-image-141\" srcset=\"http:\/\/fksjubilaeum.amor.fritz-karsen.de\/blog\/wp-content\/uploads\/2022\/11\/image-3-1024x753.png 1024w, http:\/\/fksjubilaeum.amor.fritz-karsen.de\/blog\/wp-content\/uploads\/2022\/11\/image-3-300x221.png 300w, http:\/\/fksjubilaeum.amor.fritz-karsen.de\/blog\/wp-content\/uploads\/2022\/11\/image-3-768x565.png 768w, http:\/\/fksjubilaeum.amor.fritz-karsen.de\/blog\/wp-content\/uploads\/2022\/11\/image-3-367x270.png 367w, http:\/\/fksjubilaeum.amor.fritz-karsen.de\/blog\/wp-content\/uploads\/2022\/11\/image-3.png 1460w\" sizes=\"auto, (max-width: 1024px) 100vw, 1024px\" \/><figcaption class=\"wp-element-caption\">Projektideen finden<\/figcaption><\/figure>\n\n\n\n<p>Letztendlich sind insgesamt 75 Projektideen zusammengekommen, in die sich die Sch\u00fcler vom Jahrgang 1-12 reingew\u00e4hlt haben. Um genau zu sein hatte jede\/r Sch\u00fcler\/in die M\u00f6glichkeit 4 Projektw\u00fcnsche zu \u00e4u\u00dfern, in die die meisten Sch\u00fcler auch in einen von den 4 ge\u00e4u\u00dferten W\u00fcnschen zugeteilt worden sind. Um sich ein wenig mehr unter den Projektideen vorzustellen, liste ich mal einige der Projektnamen auf: Re:use, Re:agieren, Re:inschauen Schulb\u00fccher, Re:cite, Re:al Kinderspiele, Geschichten re:animieren, Re:cherchieren, Re:daktion, Re:\/\/www. &#8230;und noch viele weitere Projekte.<\/p>\n\n\n\n<p>Um einen Einblick in die einzelnen Projekte zu verschaffen, sind die Projekte ,,Re:\/\/www.de&#8221; und ,,Re:daktion&#8221; in einige Projekte reinspaziert und haben versucht sich so viel wie m\u00f6glich \u00fcber die Inhalte der einzelnen Projekte zu informieren und auf dieser Seite zu dokumentieren.<\/p>\n\n\n\n<p>Kleine Info am Rande: viele Projekte haben sich mit dem baldigen Jubil\u00e4ums der FKS besch\u00e4ftigt und einiges vorbereitet. Die Fritz-Karsen-Schule feiert n\u00e4mlich n\u00e4chstes Jahr ihren 75-j\u00e4hrigen Geburtstag. Darauf freut sich die Schulgemeinschaft schon riesig und bereitet sich flei\u00dfig auf das Jubil\u00e4um vor!<\/p>\n\n\n\n<p><\/p>\n\n\n\n<p>Danke f\u00fcrs Durchlesen und weiterhin viel Spa\u00df auf unserer Website:)<\/p>\n\n\n\n<p><\/p>\n\n\n\n<p><\/p>\n","protected":false},"excerpt":{"rendered":"<p>So wie jedes Schuljahr, findet auch in diesem (2022\/23) vom 07.11.2022 bis zum 11.11.2022 eine Projektwoche an der Fritz-Karsen-Schule statt. Schon Wochen vor der Projektwoche durften sich die Sch\u00fcler ganz frei Projektideen ausdenken. Auch die Lehrer durften Ideen mit einbringen. So arbeiteten Lehrer und Sch\u00fcler zusammen und schafften gemeinsam gro\u00dfartige Projektideen. Das \u00dcberthema der Projektwoche hat sich auf kein bestimmtes Themengebiet fokussiert. Die Jahre zuvor wurden ja beispielsweise Themen wie ,,Gesundheit&#8221; vorgegeben, an die sich die Projektvorschl\u00e4ge bzw. Ideen orientieren&#8230;<\/p>\n<p class=\"read-more\"><a class=\"btn btn-default\" href=\"http:\/\/fksjubilaeum.amor.fritz-karsen.de\/blog\/2022\/11\/08\/die-projektwoche-der-fks-2022\/\">Weiterlesen<span class=\"screen-reader-text\"> Weiterlesen<\/span><\/a><\/p>\n","protected":false},"author":3,"featured_media":0,"comment_status":"open","ping_status":"open","sticky":true,"template":"","format":"standard","meta":{"footnotes":""},"categories":[10],"tags":[],"class_list":["post-130","post","type-post","status-publish","format-standard","hentry","category-projektwoche"],"_links":{"self":[{"href":"http:\/\/fksjubilaeum.amor.fritz-karsen.de\/blog\/wp-json\/wp\/v2\/posts\/130","targetHints":{"allow":["GET"]}}],"collection":[{"href":"http:\/\/fksjubilaeum.amor.fritz-karsen.de\/blog\/wp-json\/wp\/v2\/posts"}],"about":[{"href":"http:\/\/fksjubilaeum.amor.fritz-karsen.de\/blog\/wp-json\/wp\/v2\/types\/post"}],"author":[{"embeddable":true,"href":"http:\/\/fksjubilaeum.amor.fritz-karsen.de\/blog\/wp-json\/wp\/v2\/users\/3"}],"replies":[{"embeddable":true,"href":"http:\/\/fksjubilaeum.amor.fritz-karsen.de\/blog\/wp-json\/wp\/v2\/comments?post=130"}],"version-history":[{"count":2,"href":"http:\/\/fksjubilaeum.amor.fritz-karsen.de\/blog\/wp-json\/wp\/v2\/posts\/130\/revisions"}],"predecessor-version":[{"id":178,"href":"http:\/\/fksjubilaeum.amor.fritz-karsen.de\/blog\/wp-json\/wp\/v2\/posts\/130\/revisions\/178"}],"wp:attachment":[{"href":"http:\/\/fksjubilaeum.amor.fritz-karsen.de\/blog\/wp-json\/wp\/v2\/media?parent=130"}],"wp:term":[{"taxonomy":"category","embeddable":true,"href":"http:\/\/fksjubilaeum.amor.fritz-karsen.de\/blog\/wp-json\/wp\/v2\/categories?post=130"},{"taxonomy":"post_tag","embeddable":true,"href":"http:\/\/fksjubilaeum.amor.fritz-karsen.de\/blog\/wp-json\/wp\/v2\/tags?post=130"}],"curies":[{"name":"wp","href":"https:\/\/api.w.org\/{rel}","templated":true}]}}